{"id":992,"date":"2017-07-05T00:07:37","date_gmt":"2017-07-04T22:07:37","guid":{"rendered":"http:\/\/www.fotokunst-unterweser.de\/wordpress\/?p=992"},"modified":"2017-07-05T10:08:26","modified_gmt":"2017-07-05T08:08:26","slug":"magische-augenblicke-eroeffnung-am-01-07-2017-im-fischkai57","status":"publish","type":"post","link":"https:\/\/www.fotokunst-unterweser.de\/wordpress\/2017\/07\/05\/magische-augenblicke-eroeffnung-am-01-07-2017-im-fischkai57\/","title":{"rendered":"Er\u00f6ffnung  &#8222;Magische AugenBlicke&#8220; am 01.07.2017 im Fischkai57"},"content":{"rendered":"<p>Am 01.07.2017 um 15:00 Uhr war es endlich soweit. Nach 1 Jahr Vorbereitung und mehreren Tagen der Aufbauarbeit ist unsere 1. Ausstellung nun &#8222;unterwegs&#8220;. Wir waren \u00fcber die Resonanz genauso \u00fcberrascht wie erfreut, hatten doch mehr als 100 interessierte G\u00e4ste den Weg in den Fischkai 57 gefunden, um mit uns die Ausstellung zu er\u00f6ffnen. Damit hatten wir nicht gerechnet.&nbsp;<\/p>\n<div id=\"attachment_993\" style=\"width: 2058px\" class=\"wp-caption aligncenter\"><a href=\"https:\/\/www.fotokunst-unterweser.de\/wordpress\/wp-content\/uploads\/2017\/07\/Eroeffnung_PAno_19688252_1380047945404754_1963163631_o.jpg\"><img loading=\"lazy\" decoding=\"async\" aria-describedby=\"caption-attachment-993\" class=\"size-full wp-image-993\" src=\"https:\/\/www.fotokunst-unterweser.de\/wordpress\/wp-content\/uploads\/2017\/07\/Eroeffnung_PAno_19688252_1380047945404754_1963163631_o.jpg\" alt=\"\" width=\"2048\" height=\"573\" srcset=\"https:\/\/www.fotokunst-unterweser.de\/wordpress\/wp-content\/uploads\/2017\/07\/Eroeffnung_PAno_19688252_1380047945404754_1963163631_o.jpg 2048w, https:\/\/www.fotokunst-unterweser.de\/wordpress\/wp-content\/uploads\/2017\/07\/Eroeffnung_PAno_19688252_1380047945404754_1963163631_o-300x84.jpg 300w, https:\/\/www.fotokunst-unterweser.de\/wordpress\/wp-content\/uploads\/2017\/07\/Eroeffnung_PAno_19688252_1380047945404754_1963163631_o-768x215.jpg 768w, https:\/\/www.fotokunst-unterweser.de\/wordpress\/wp-content\/uploads\/2017\/07\/Eroeffnung_PAno_19688252_1380047945404754_1963163631_o-1024x287.jpg 1024w\" sizes=\"auto, (max-width: 2048px) 100vw, 2048px\" \/><\/a><p id=\"caption-attachment-993\" class=\"wp-caption-text\">Er\u00f6ffnungsrede, Foto: Michael Kuschmierz<\/p><\/div>\n<p>Neben vielen bekannten Gesichtern, die wir dort getroffen haben, ergab sich so auch die Gelegenheit des sich n\u00e4her Kennenlernens. Manchen Foto-Interessierten &#8211; auch aus den sozialen Medien &#8211; konnten wir bei dieser Gelegenheit &#8222;live&#8220; treffen und so neue Kontakte und Bekanntenschaften schlie\u00dfen.<\/p>\n<p>Mit von der Partie war auch die NORDSEE-ZEITUNG. F\u00fcr sie recherchierte und schrieb Norbert Duwe einen Artikel \u00fcber die fotokunst-unterweser, uns Fotografen und unsere Bilder. Seine Zeilen beeindrucken dadurch, dass er passende Worte f\u00fcr das gefunden hat, was unsere Bilder ausdr\u00fccken. Eine Reihe von Lesern, die die Ausstellung noch nicht gesehen haben, sagten nach dem Artikel, dass er &#8222;Lust auf mehr&#8220; machen und zum Besuch der Ausstellung &#8222;anstiften&#8220; w\u00fcrde. Toll, vielen Dank f\u00fcr dieses journalistische Highlight. Erg\u00e4nzt um ein Foto von NZ-Fotograf Schimanke erschien dieser Bericht am 03.07. im Kulturteil.<\/p>\n<div id=\"attachment_995\" style=\"width: 858px\" class=\"wp-caption aligncenter\"><a href=\"https:\/\/www.fotokunst-unterweser.de\/wordpress\/wp-content\/uploads\/2017\/07\/NZ_fotokunst_19702498_1381356635273885_631552248011047045_n.jpg\"><img loading=\"lazy\" decoding=\"async\" aria-describedby=\"caption-attachment-995\" class=\"size-full wp-image-995\" src=\"https:\/\/www.fotokunst-unterweser.de\/wordpress\/wp-content\/uploads\/2017\/07\/NZ_fotokunst_19702498_1381356635273885_631552248011047045_n.jpg\" alt=\"\" width=\"848\" height=\"657\" srcset=\"https:\/\/www.fotokunst-unterweser.de\/wordpress\/wp-content\/uploads\/2017\/07\/NZ_fotokunst_19702498_1381356635273885_631552248011047045_n.jpg 848w, https:\/\/www.fotokunst-unterweser.de\/wordpress\/wp-content\/uploads\/2017\/07\/NZ_fotokunst_19702498_1381356635273885_631552248011047045_n-300x232.jpg 300w, https:\/\/www.fotokunst-unterweser.de\/wordpress\/wp-content\/uploads\/2017\/07\/NZ_fotokunst_19702498_1381356635273885_631552248011047045_n-768x595.jpg 768w\" sizes=\"auto, (max-width: 848px) 100vw, 848px\" \/><\/a><p id=\"caption-attachment-995\" class=\"wp-caption-text\">Bericht \u00fcber die Er\u00f6ffnung, Copyright NORDSEE ZEITUNG<\/p><\/div>\n<p>Von der Er\u00f6ffnung gibt es nat\u00fcrlich noch ein paar weitere Fotos. Vielen Dank an die Fotografen Markus G\u00f6tz, Hans Bayer und Ingo Ischt, die uns freundlicherweise ihre Fotos zur Verf\u00fcgung gestellt haben. Hier die Galerie dazu:<\/p>\n<p>&nbsp;<\/p>\nngg_shortcode_0_placeholder\n<p>&nbsp;<\/p>\n<p>Und als wenn der Tag nicht schon genug Spannung f\u00fcr uns bereit gehalten h\u00e4tte, kam am sp\u00e4ten Nachmittag noch die Schiffergilde mit dem B\u00f6rteboot No. 3 vorbei. Aber nicht nur das. Zur Erstellung eines Gruppenfotos fuhren Erik Pommer und seine Crew mit uns am Fischkai 57 vorbei, so dass Fotografen-Kollegen die Gelegenheit hatten, f\u00fcr uns ein wundersch\u00f6nes Bild am Ende eines beeindruckenden Tages zu schie\u00dfen.<\/p>\n<p>&nbsp;<\/p>\n<div id=\"attachment_1049\" style=\"width: 1010px\" class=\"wp-caption aligncenter\"><a href=\"https:\/\/www.fotokunst-unterweser.de\/wordpress\/wp-content\/uploads\/2017\/07\/Boerteboot_19577239_1434795983253533_8144796000320967537_o.jpg\"><img loading=\"lazy\" decoding=\"async\" aria-describedby=\"caption-attachment-1049\" class=\"size-full wp-image-1049\" src=\"https:\/\/www.fotokunst-unterweser.de\/wordpress\/wp-content\/uploads\/2017\/07\/Boerteboot_19577239_1434795983253533_8144796000320967537_o.jpg\" alt=\"\" width=\"1000\" height=\"801\" srcset=\"https:\/\/www.fotokunst-unterweser.de\/wordpress\/wp-content\/uploads\/2017\/07\/Boerteboot_19577239_1434795983253533_8144796000320967537_o.jpg 1000w, https:\/\/www.fotokunst-unterweser.de\/wordpress\/wp-content\/uploads\/2017\/07\/Boerteboot_19577239_1434795983253533_8144796000320967537_o-300x240.jpg 300w, https:\/\/www.fotokunst-unterweser.de\/wordpress\/wp-content\/uploads\/2017\/07\/Boerteboot_19577239_1434795983253533_8144796000320967537_o-768x615.jpg 768w\" sizes=\"auto, (max-width: 1000px) 100vw, 1000px\" \/><\/a><p id=\"caption-attachment-1049\" class=\"wp-caption-text\">Foto: Peter Kn\u00e4be<\/p><\/div>\n<p>Das war ein wahrlich kr\u00f6nender Abschluss.<\/p>\n<p>F\u00fcr alles andere gibt es Eurocard, hie\u00df es mal in einem Werbespot. Ja, so erschien es uns an diesem Tag.<\/p>\n<p>&nbsp;<\/p>\n","protected":false},"excerpt":{"rendered":"<p>Am 01.07.2017 um 15:00 Uhr war es endlich soweit. Nach 1 Jahr Vorbereitung und mehreren Tagen der Aufbauarbeit ist unsere 1. Ausstellung nun &#8222;unterwegs&#8220;. Wir waren \u00fcber die Resonanz genauso [&hellip;]<\/p>\n","protected":false},"author":5,"featured_media":0,"comment_status":"closed","ping_status":"open","sticky":false,"template":"","format":"standard","meta":{"ngg_post_thumbnail":0,"footnotes":""},"categories":[1],"tags":[],"class_list":["post-992","post","type-post","status-publish","format-standard","hentry","category-allgemein"],"yoast_head":"<!-- This site is optimized with the Yoast SEO plugin v24.7 - https:\/\/yoast.com\/wordpress\/plugins\/seo\/ -->\n<title>Er\u00f6ffnung &quot;Magische AugenBlicke&quot; am 01.07.2017 im Fischkai57 - fotokunst unterweser<\/title>\n<meta name=\"robots\" content=\"index, follow, max-snippet:-1, max-image-preview:large, max-video-preview:-1\" \/>\n<link rel=\"canonical\" href=\"https:\/\/www.fotokunst-unterweser.de\/wordpress\/2017\/07\/05\/magische-augenblicke-eroeffnung-am-01-07-2017-im-fischkai57\/\" \/>\n<meta property=\"og:locale\" content=\"de_DE\" \/>\n<meta property=\"og:type\" content=\"article\" \/>\n<meta property=\"og:title\" content=\"Er\u00f6ffnung &quot;Magische AugenBlicke&quot; am 01.07.2017 im Fischkai57 - fotokunst unterweser\" \/>\n<meta property=\"og:description\" content=\"Am 01.07.2017 um 15:00 Uhr war es endlich soweit. Nach 1 Jahr Vorbereitung und mehreren Tagen der Aufbauarbeit ist unsere 1. Ausstellung nun &#8222;unterwegs&#8220;. Wir waren \u00fcber die Resonanz genauso [&hellip;]\" \/>\n<meta property=\"og:url\" content=\"https:\/\/www.fotokunst-unterweser.de\/wordpress\/2017\/07\/05\/magische-augenblicke-eroeffnung-am-01-07-2017-im-fischkai57\/\" \/>\n<meta property=\"og:site_name\" content=\"fotokunst unterweser\" \/>\n<meta property=\"article:publisher\" content=\"https:\/\/www.facebook.com\/fotokunstunterweser\/\" \/>\n<meta property=\"article:published_time\" content=\"2017-07-04T22:07:37+00:00\" \/>\n<meta property=\"article:modified_time\" content=\"2017-07-05T08:08:26+00:00\" \/>\n<meta property=\"og:image\" content=\"http:\/\/www.fotokunst-unterweser.de\/wordpress\/wp-content\/uploads\/2017\/07\/Eroeffnung_PAno_19688252_1380047945404754_1963163631_o.jpg\" \/>\n<meta name=\"author\" content=\"Ralph Wecks\" \/>\n<meta name=\"twitter:card\" content=\"summary_large_image\" \/>\n<meta name=\"twitter:label1\" content=\"Verfasst von\" \/>\n\t<meta name=\"twitter:data1\" content=\"Ralph Wecks\" \/>\n\t<meta name=\"twitter:label2\" content=\"Gesch\u00e4tzte Lesezeit\" \/>\n\t<meta name=\"twitter:data2\" content=\"2\u00a0Minuten\" \/>\n<script type=\"application\/ld+json\" class=\"yoast-schema-graph\">{\"@context\":\"https:\/\/schema.org\",\"@graph\":[{\"@type\":\"Article\",\"@id\":\"https:\/\/www.fotokunst-unterweser.de\/wordpress\/2017\/07\/05\/magische-augenblicke-eroeffnung-am-01-07-2017-im-fischkai57\/#article\",\"isPartOf\":{\"@id\":\"https:\/\/www.fotokunst-unterweser.de\/wordpress\/2017\/07\/05\/magische-augenblicke-eroeffnung-am-01-07-2017-im-fischkai57\/\"},\"author\":{\"name\":\"Ralph Wecks\",\"@id\":\"https:\/\/www.fotokunst-unterweser.de\/wordpress\/#\/schema\/person\/dda9725311ff62cbb830a9021f61e408\"},\"headline\":\"Er\u00f6ffnung &#8222;Magische AugenBlicke&#8220; am 01.07.2017 im Fischkai57\",\"datePublished\":\"2017-07-04T22:07:37+00:00\",\"dateModified\":\"2017-07-05T08:08:26+00:00\",\"mainEntityOfPage\":{\"@id\":\"https:\/\/www.fotokunst-unterweser.de\/wordpress\/2017\/07\/05\/magische-augenblicke-eroeffnung-am-01-07-2017-im-fischkai57\/\"},\"wordCount\":437,\"publisher\":{\"@id\":\"https:\/\/www.fotokunst-unterweser.de\/wordpress\/#organization\"},\"image\":{\"@id\":\"https:\/\/www.fotokunst-unterweser.de\/wordpress\/2017\/07\/05\/magische-augenblicke-eroeffnung-am-01-07-2017-im-fischkai57\/#primaryimage\"},\"thumbnailUrl\":\"http:\/\/www.fotokunst-unterweser.de\/wordpress\/wp-content\/uploads\/2017\/07\/Eroeffnung_PAno_19688252_1380047945404754_1963163631_o.jpg\",\"inLanguage\":\"de\"},{\"@type\":\"WebPage\",\"@id\":\"https:\/\/www.fotokunst-unterweser.de\/wordpress\/2017\/07\/05\/magische-augenblicke-eroeffnung-am-01-07-2017-im-fischkai57\/\",\"url\":\"https:\/\/www.fotokunst-unterweser.de\/wordpress\/2017\/07\/05\/magische-augenblicke-eroeffnung-am-01-07-2017-im-fischkai57\/\",\"name\":\"Er\u00f6ffnung \\\"Magische AugenBlicke\\\" am 01.07.2017 im Fischkai57 - fotokunst unterweser\",\"isPartOf\":{\"@id\":\"https:\/\/www.fotokunst-unterweser.de\/wordpress\/#website\"},\"primaryImageOfPage\":{\"@id\":\"https:\/\/www.fotokunst-unterweser.de\/wordpress\/2017\/07\/05\/magische-augenblicke-eroeffnung-am-01-07-2017-im-fischkai57\/#primaryimage\"},\"image\":{\"@id\":\"https:\/\/www.fotokunst-unterweser.de\/wordpress\/2017\/07\/05\/magische-augenblicke-eroeffnung-am-01-07-2017-im-fischkai57\/#primaryimage\"},\"thumbnailUrl\":\"http:\/\/www.fotokunst-unterweser.de\/wordpress\/wp-content\/uploads\/2017\/07\/Eroeffnung_PAno_19688252_1380047945404754_1963163631_o.jpg\",\"datePublished\":\"2017-07-04T22:07:37+00:00\",\"dateModified\":\"2017-07-05T08:08:26+00:00\",\"breadcrumb\":{\"@id\":\"https:\/\/www.fotokunst-unterweser.de\/wordpress\/2017\/07\/05\/magische-augenblicke-eroeffnung-am-01-07-2017-im-fischkai57\/#breadcrumb\"},\"inLanguage\":\"de\",\"potentialAction\":[{\"@type\":\"ReadAction\",\"target\":[\"https:\/\/www.fotokunst-unterweser.de\/wordpress\/2017\/07\/05\/magische-augenblicke-eroeffnung-am-01-07-2017-im-fischkai57\/\"]}]},{\"@type\":\"ImageObject\",\"inLanguage\":\"de\",\"@id\":\"https:\/\/www.fotokunst-unterweser.de\/wordpress\/2017\/07\/05\/magische-augenblicke-eroeffnung-am-01-07-2017-im-fischkai57\/#primaryimage\",\"url\":\"http:\/\/www.fotokunst-unterweser.de\/wordpress\/wp-content\/uploads\/2017\/07\/Eroeffnung_PAno_19688252_1380047945404754_1963163631_o.jpg\",\"contentUrl\":\"http:\/\/www.fotokunst-unterweser.de\/wordpress\/wp-content\/uploads\/2017\/07\/Eroeffnung_PAno_19688252_1380047945404754_1963163631_o.jpg\"},{\"@type\":\"BreadcrumbList\",\"@id\":\"https:\/\/www.fotokunst-unterweser.de\/wordpress\/2017\/07\/05\/magische-augenblicke-eroeffnung-am-01-07-2017-im-fischkai57\/#breadcrumb\",\"itemListElement\":[{\"@type\":\"ListItem\",\"position\":1,\"name\":\"Startseite\",\"item\":\"https:\/\/www.fotokunst-unterweser.de\/wordpress\/\"},{\"@type\":\"ListItem\",\"position\":2,\"name\":\"Er\u00f6ffnung &#8220;Magische AugenBlicke&#8221; am 01.07.2017 im Fischkai57\"}]},{\"@type\":\"WebSite\",\"@id\":\"https:\/\/www.fotokunst-unterweser.de\/wordpress\/#website\",\"url\":\"https:\/\/www.fotokunst-unterweser.de\/wordpress\/\",\"name\":\"fotokunst unterweser\",\"description\":\"\",\"publisher\":{\"@id\":\"https:\/\/www.fotokunst-unterweser.de\/wordpress\/#organization\"},\"potentialAction\":[{\"@type\":\"SearchAction\",\"target\":{\"@type\":\"EntryPoint\",\"urlTemplate\":\"https:\/\/www.fotokunst-unterweser.de\/wordpress\/?s={search_term_string}\"},\"query-input\":{\"@type\":\"PropertyValueSpecification\",\"valueRequired\":true,\"valueName\":\"search_term_string\"}}],\"inLanguage\":\"de\"},{\"@type\":\"Organization\",\"@id\":\"https:\/\/www.fotokunst-unterweser.de\/wordpress\/#organization\",\"name\":\"fotokunst unterweser\",\"url\":\"https:\/\/www.fotokunst-unterweser.de\/wordpress\/\",\"logo\":{\"@type\":\"ImageObject\",\"inLanguage\":\"de\",\"@id\":\"https:\/\/www.fotokunst-unterweser.de\/wordpress\/#\/schema\/logo\/image\/\",\"url\":\"https:\/\/www.fotokunst-unterweser.de\/wordpress\/wp-content\/uploads\/2017\/02\/Logo_300px.jpg\",\"contentUrl\":\"https:\/\/www.fotokunst-unterweser.de\/wordpress\/wp-content\/uploads\/2017\/02\/Logo_300px.jpg\",\"width\":293,\"height\":124,\"caption\":\"fotokunst unterweser\"},\"image\":{\"@id\":\"https:\/\/www.fotokunst-unterweser.de\/wordpress\/#\/schema\/logo\/image\/\"},\"sameAs\":[\"https:\/\/www.facebook.com\/fotokunstunterweser\/\",\"https:\/\/www.facebook.com\/search\/top?q=fotokunstunterweser\"]},{\"@type\":\"Person\",\"@id\":\"https:\/\/www.fotokunst-unterweser.de\/wordpress\/#\/schema\/person\/dda9725311ff62cbb830a9021f61e408\",\"name\":\"Ralph Wecks\",\"image\":{\"@type\":\"ImageObject\",\"inLanguage\":\"de\",\"@id\":\"https:\/\/www.fotokunst-unterweser.de\/wordpress\/#\/schema\/person\/image\/\",\"url\":\"https:\/\/secure.gravatar.com\/avatar\/fbd582c9c0b1e25521a015a429f2f601?s=96&d=mm&r=g\",\"contentUrl\":\"https:\/\/secure.gravatar.com\/avatar\/fbd582c9c0b1e25521a015a429f2f601?s=96&d=mm&r=g\",\"caption\":\"Ralph Wecks\"},\"url\":\"https:\/\/www.fotokunst-unterweser.de\/wordpress\/author\/rwadmin\/\"}]}<\/script>\n<!-- \/ Yoast SEO plugin. -->","yoast_head_json":{"title":"Er\u00f6ffnung \"Magische AugenBlicke\" am 01.07.2017 im Fischkai57 - fotokunst unterweser","robots":{"index":"index","follow":"follow","max-snippet":"max-snippet:-1","max-image-preview":"max-image-preview:large","max-video-preview":"max-video-preview:-1"},"canonical":"https:\/\/www.fotokunst-unterweser.de\/wordpress\/2017\/07\/05\/magische-augenblicke-eroeffnung-am-01-07-2017-im-fischkai57\/","og_locale":"de_DE","og_type":"article","og_title":"Er\u00f6ffnung \"Magische AugenBlicke\" am 01.07.2017 im Fischkai57 - fotokunst unterweser","og_description":"Am 01.07.2017 um 15:00 Uhr war es endlich soweit. Nach 1 Jahr Vorbereitung und mehreren Tagen der Aufbauarbeit ist unsere 1. Ausstellung nun &#8222;unterwegs&#8220;. Wir waren \u00fcber die Resonanz genauso [&hellip;]","og_url":"https:\/\/www.fotokunst-unterweser.de\/wordpress\/2017\/07\/05\/magische-augenblicke-eroeffnung-am-01-07-2017-im-fischkai57\/","og_site_name":"fotokunst unterweser","article_publisher":"https:\/\/www.facebook.com\/fotokunstunterweser\/","article_published_time":"2017-07-04T22:07:37+00:00","article_modified_time":"2017-07-05T08:08:26+00:00","og_image":[{"url":"http:\/\/www.fotokunst-unterweser.de\/wordpress\/wp-content\/uploads\/2017\/07\/Eroeffnung_PAno_19688252_1380047945404754_1963163631_o.jpg","type":"","width":"","height":""}],"author":"Ralph Wecks","twitter_card":"summary_large_image","twitter_misc":{"Verfasst von":"Ralph Wecks","Gesch\u00e4tzte Lesezeit":"2\u00a0Minuten"},"schema":{"@context":"https:\/\/schema.org","@graph":[{"@type":"Article","@id":"https:\/\/www.fotokunst-unterweser.de\/wordpress\/2017\/07\/05\/magische-augenblicke-eroeffnung-am-01-07-2017-im-fischkai57\/#article","isPartOf":{"@id":"https:\/\/www.fotokunst-unterweser.de\/wordpress\/2017\/07\/05\/magische-augenblicke-eroeffnung-am-01-07-2017-im-fischkai57\/"},"author":{"name":"Ralph Wecks","@id":"https:\/\/www.fotokunst-unterweser.de\/wordpress\/#\/schema\/person\/dda9725311ff62cbb830a9021f61e408"},"headline":"Er\u00f6ffnung &#8222;Magische AugenBlicke&#8220; am 01.07.2017 im Fischkai57","datePublished":"2017-07-04T22:07:37+00:00","dateModified":"2017-07-05T08:08:26+00:00","mainEntityOfPage":{"@id":"https:\/\/www.fotokunst-unterweser.de\/wordpress\/2017\/07\/05\/magische-augenblicke-eroeffnung-am-01-07-2017-im-fischkai57\/"},"wordCount":437,"publisher":{"@id":"https:\/\/www.fotokunst-unterweser.de\/wordpress\/#organization"},"image":{"@id":"https:\/\/www.fotokunst-unterweser.de\/wordpress\/2017\/07\/05\/magische-augenblicke-eroeffnung-am-01-07-2017-im-fischkai57\/#primaryimage"},"thumbnailUrl":"http:\/\/www.fotokunst-unterweser.de\/wordpress\/wp-content\/uploads\/2017\/07\/Eroeffnung_PAno_19688252_1380047945404754_1963163631_o.jpg","inLanguage":"de"},{"@type":"WebPage","@id":"https:\/\/www.fotokunst-unterweser.de\/wordpress\/2017\/07\/05\/magische-augenblicke-eroeffnung-am-01-07-2017-im-fischkai57\/","url":"https:\/\/www.fotokunst-unterweser.de\/wordpress\/2017\/07\/05\/magische-augenblicke-eroeffnung-am-01-07-2017-im-fischkai57\/","name":"Er\u00f6ffnung \"Magische AugenBlicke\" am 01.07.2017 im Fischkai57 - fotokunst unterweser","isPartOf":{"@id":"https:\/\/www.fotokunst-unterweser.de\/wordpress\/#website"},"primaryImageOfPage":{"@id":"https:\/\/www.fotokunst-unterweser.de\/wordpress\/2017\/07\/05\/magische-augenblicke-eroeffnung-am-01-07-2017-im-fischkai57\/#primaryimage"},"image":{"@id":"https:\/\/www.fotokunst-unterweser.de\/wordpress\/2017\/07\/05\/magische-augenblicke-eroeffnung-am-01-07-2017-im-fischkai57\/#primaryimage"},"thumbnailUrl":"http:\/\/www.fotokunst-unterweser.de\/wordpress\/wp-content\/uploads\/2017\/07\/Eroeffnung_PAno_19688252_1380047945404754_1963163631_o.jpg","datePublished":"2017-07-04T22:07:37+00:00","dateModified":"2017-07-05T08:08:26+00:00","breadcrumb":{"@id":"https:\/\/www.fotokunst-unterweser.de\/wordpress\/2017\/07\/05\/magische-augenblicke-eroeffnung-am-01-07-2017-im-fischkai57\/#breadcrumb"},"inLanguage":"de","potentialAction":[{"@type":"ReadAction","target":["https:\/\/www.fotokunst-unterweser.de\/wordpress\/2017\/07\/05\/magische-augenblicke-eroeffnung-am-01-07-2017-im-fischkai57\/"]}]},{"@type":"ImageObject","inLanguage":"de","@id":"https:\/\/www.fotokunst-unterweser.de\/wordpress\/2017\/07\/05\/magische-augenblicke-eroeffnung-am-01-07-2017-im-fischkai57\/#primaryimage","url":"http:\/\/www.fotokunst-unterweser.de\/wordpress\/wp-content\/uploads\/2017\/07\/Eroeffnung_PAno_19688252_1380047945404754_1963163631_o.jpg","contentUrl":"http:\/\/www.fotokunst-unterweser.de\/wordpress\/wp-content\/uploads\/2017\/07\/Eroeffnung_PAno_19688252_1380047945404754_1963163631_o.jpg"},{"@type":"BreadcrumbList","@id":"https:\/\/www.fotokunst-unterweser.de\/wordpress\/2017\/07\/05\/magische-augenblicke-eroeffnung-am-01-07-2017-im-fischkai57\/#breadcrumb","itemListElement":[{"@type":"ListItem","position":1,"name":"Startseite","item":"https:\/\/www.fotokunst-unterweser.de\/wordpress\/"},{"@type":"ListItem","position":2,"name":"Er\u00f6ffnung &#8220;Magische AugenBlicke&#8221; am 01.07.2017 im Fischkai57"}]},{"@type":"WebSite","@id":"https:\/\/www.fotokunst-unterweser.de\/wordpress\/#website","url":"https:\/\/www.fotokunst-unterweser.de\/wordpress\/","name":"fotokunst unterweser","description":"","publisher":{"@id":"https:\/\/www.fotokunst-unterweser.de\/wordpress\/#organization"},"potentialAction":[{"@type":"SearchAction","target":{"@type":"EntryPoint","urlTemplate":"https:\/\/www.fotokunst-unterweser.de\/wordpress\/?s={search_term_string}"},"query-input":{"@type":"PropertyValueSpecification","valueRequired":true,"valueName":"search_term_string"}}],"inLanguage":"de"},{"@type":"Organization","@id":"https:\/\/www.fotokunst-unterweser.de\/wordpress\/#organization","name":"fotokunst unterweser","url":"https:\/\/www.fotokunst-unterweser.de\/wordpress\/","logo":{"@type":"ImageObject","inLanguage":"de","@id":"https:\/\/www.fotokunst-unterweser.de\/wordpress\/#\/schema\/logo\/image\/","url":"https:\/\/www.fotokunst-unterweser.de\/wordpress\/wp-content\/uploads\/2017\/02\/Logo_300px.jpg","contentUrl":"https:\/\/www.fotokunst-unterweser.de\/wordpress\/wp-content\/uploads\/2017\/02\/Logo_300px.jpg","width":293,"height":124,"caption":"fotokunst unterweser"},"image":{"@id":"https:\/\/www.fotokunst-unterweser.de\/wordpress\/#\/schema\/logo\/image\/"},"sameAs":["https:\/\/www.facebook.com\/fotokunstunterweser\/","https:\/\/www.facebook.com\/search\/top?q=fotokunstunterweser"]},{"@type":"Person","@id":"https:\/\/www.fotokunst-unterweser.de\/wordpress\/#\/schema\/person\/dda9725311ff62cbb830a9021f61e408","name":"Ralph Wecks","image":{"@type":"ImageObject","inLanguage":"de","@id":"https:\/\/www.fotokunst-unterweser.de\/wordpress\/#\/schema\/person\/image\/","url":"https:\/\/secure.gravatar.com\/avatar\/fbd582c9c0b1e25521a015a429f2f601?s=96&d=mm&r=g","contentUrl":"https:\/\/secure.gravatar.com\/avatar\/fbd582c9c0b1e25521a015a429f2f601?s=96&d=mm&r=g","caption":"Ralph Wecks"},"url":"https:\/\/www.fotokunst-unterweser.de\/wordpress\/author\/rwadmin\/"}]}},"_links":{"self":[{"href":"https:\/\/www.fotokunst-unterweser.de\/wordpress\/wp-json\/wp\/v2\/posts\/992","targetHints":{"allow":["GET"]}}],"collection":[{"href":"https:\/\/www.fotokunst-unterweser.de\/wordpress\/wp-json\/wp\/v2\/posts"}],"about":[{"href":"https:\/\/www.fotokunst-unterweser.de\/wordpress\/wp-json\/wp\/v2\/types\/post"}],"author":[{"embeddable":true,"href":"https:\/\/www.fotokunst-unterweser.de\/wordpress\/wp-json\/wp\/v2\/users\/5"}],"replies":[{"embeddable":true,"href":"https:\/\/www.fotokunst-unterweser.de\/wordpress\/wp-json\/wp\/v2\/comments?post=992"}],"version-history":[{"count":8,"href":"https:\/\/www.fotokunst-unterweser.de\/wordpress\/wp-json\/wp\/v2\/posts\/992\/revisions"}],"predecessor-version":[{"id":1056,"href":"https:\/\/www.fotokunst-unterweser.de\/wordpress\/wp-json\/wp\/v2\/posts\/992\/revisions\/1056"}],"wp:attachment":[{"href":"https:\/\/www.fotokunst-unterweser.de\/wordpress\/wp-json\/wp\/v2\/media?parent=992"}],"wp:term":[{"taxonomy":"category","embeddable":true,"href":"https:\/\/www.fotokunst-unterweser.de\/wordpress\/wp-json\/wp\/v2\/categories?post=992"},{"taxonomy":"post_tag","embeddable":true,"href":"https:\/\/www.fotokunst-unterweser.de\/wordpress\/wp-json\/wp\/v2\/tags?post=992"}],"curies":[{"name":"wp","href":"https:\/\/api.w.org\/{rel}","templated":true}]}}